{"id":309,"date":"2022-04-11T18:31:29","date_gmt":"2022-04-11T16:31:29","guid":{"rendered":"https:\/\/fresw.pl\/?p=309"},"modified":"2022-12-11T18:33:39","modified_gmt":"2022-12-11T17:33:39","slug":"zwracamy-sie-do-was-z-prosba-o-wsparcie-naszej-zbiorki","status":"publish","type":"post","link":"https:\/\/fresw.pl\/en\/zwracamy-sie-do-was-z-prosba-o-wsparcie-naszej-zbiorki","title":{"rendered":"Zwracamy si\u0119 do Was z pro\u015bb\u0105 o wsparcie naszej zbi\u00f3rki"},"content":{"rendered":"<div class=\"x11i5rnm xat24cr x1mh8g0r x1vvkbs xdj266r x126k92a\">\n<div dir=\"auto\">Fundacja Rozwoju Europy \u015arodkowo-Wschodniej z Lublina od lat wsp\u00f3\u0142pracuje z organizacjami z ca\u0142ej Ukrainy, realizuj\u0105c projekty, kt\u00f3re wspieraj\u0105 rozw\u00f3j obu spo\u0142ecze\u0144stw. Od pierwszego dnia wojny do\u0142\u0105czyli\u015bmy do Lubelskiego Spo\u0142ecznego Komitetu Pomocy Ukrainie, w\u0142\u0105czaj\u0105c si\u0119 do pomocy ofiarom rosyjskiej agresji na Ukrainie. Skupili\u015bmy si\u0119 przede wszystkim na pomocy medycznej dla ukrai\u0144skich plac\u00f3wek medycznych, zabezpieczaj\u0105cych ludno\u015b\u0107 przebywaj\u0105c\u0105 na terenie obj\u0119tym walkami.<\/div>\n<\/div>\n<div class=\"x11i5rnm xat24cr x1mh8g0r x1vvkbs xtlvy1s x126k92a\">\n<div dir=\"auto\">Nasza Fundacja prowadzi zbi\u00f3rk\u0119 artyku\u0142\u00f3w medycznych i wysy\u0142a je bezpo\u015brednio do szpitali w r\u00f3\u017cnych ukrai\u0144skich miastach. Coraz cz\u0119\u015bciej docieraj\u0105 do nas pro\u015bby o wsparcie techniczne dla s\u0142u\u017cby zdrowia. Ukrai\u0144scy medycy potrzebuj\u0105 transportu, aby m\u00f3c szybciej dociera\u0107 do os\u00f3b rannych i transportowa\u0107 ich w bezpieczne miejsca.<\/div>\n<\/div>\n<div class=\"x11i5rnm xat24cr x1mh8g0r x1vvkbs xtlvy1s x126k92a\">\n<div dir=\"auto\">Dzi\u0119ki wsparciu jednej z lubelskich firm, ju\u017c nam si\u0119 uda\u0142o przekaza\u0107 dwie karetki do R\u00f3wnego. Potrzebne s\u0105 jednak kolejne samochody, kt\u00f3re pomog\u0105 ratowa\u0107 \u017cycie osobom poszkodowanym w skutek ataku na Ukrain\u0119.<\/div>\n<\/div>\n<div class=\"x11i5rnm xat24cr x1mh8g0r x1vvkbs xtlvy1s x126k92a\">\n<div dir=\"auto\">Nasza Fundacja stawia sobie za cel zakup jeszcze co najmniej dw\u00f3ch karetek, wspomagaj\u0105cych prac\u0119 ukrai\u0144skich medyk\u00f3w. Zwracamy si\u0119 do Was z pro\u015bb\u0105 o wsparcie naszej zbi\u00f3rki.<\/div>\n<\/div>\n","protected":false},"excerpt":{"rendered":"<p>Fundacja Rozwoju Europy \u015arodkowo-Wschodniej z Lublina od lat wsp\u00f3\u0142pracuje z organizacjami z ca\u0142ej Ukrainy, realizuj\u0105c projekty, kt\u00f3re wspieraj\u0105 rozw\u00f3j obu spo\u0142ecze\u0144stw. Od pierwszego dnia wojny do\u0142\u0105czyli\u015bmy do Lubelskiego Spo\u0142ecznego Komitetu Pomocy Ukrainie, w\u0142\u0105czaj\u0105c si\u0119 do pomocy ofiarom rosyjskiej agresji na Ukrainie. Skupili\u015bmy si\u0119 przede wszystkim na pomocy medycznej dla ukrai\u0144skich plac\u00f3wek medycznych, zabezpieczaj\u0105cych ludno\u015b\u0107 przebywaj\u0105c\u0105&#8230;<\/p>\n","protected":false},"author":1,"featured_media":304,"comment_status":"open","ping_status":"open","sticky":false,"template":"","format":"standard","meta":{"_kad_post_transparent":"default","_kad_post_title":"default","_kad_post_layout":"default","_kad_post_sidebar_id":"","_kad_post_content_style":"default","_kad_post_vertical_padding":"default","_kad_post_feature":"","_kad_post_feature_position":"","_kad_post_header":false,"_kad_post_footer":false,"footnotes":""},"categories":[3],"tags":[],"class_list":["post-309","post","type-post","status-publish","format-standard","has-post-thumbnail","hentry","category-blog"],"yoast_head":"<!-- This site is optimized with the Yoast SEO plugin v23.8 - https:\/\/yoast.com\/wordpress\/plugins\/seo\/ -->\n<title>Zwracamy si\u0119 do Was z pro\u015bb\u0105 o wsparcie naszej zbi\u00f3rki - FRESW<\/title>\n<meta name=\"robots\" content=\"index, follow, max-snippet:-1, max-image-preview:large, max-video-preview:-1\" \/>\n<link rel=\"canonical\" href=\"https:\/\/fresw.pl\/en\/zwracamy-sie-do-was-z-prosba-o-wsparcie-naszej-zbiorki\" \/>\n<meta property=\"og:locale\" content=\"en_US\" \/>\n<meta property=\"og:type\" content=\"article\" \/>\n<meta property=\"og:title\" content=\"Zwracamy si\u0119 do Was z pro\u015bb\u0105 o wsparcie naszej zbi\u00f3rki - FRESW\" \/>\n<meta property=\"og:description\" content=\"Fundacja Rozwoju Europy \u015arodkowo-Wschodniej z Lublina od lat wsp\u00f3\u0142pracuje z organizacjami z ca\u0142ej Ukrainy, realizuj\u0105c projekty, kt\u00f3re wspieraj\u0105 rozw\u00f3j obu spo\u0142ecze\u0144stw. Od pierwszego dnia wojny do\u0142\u0105czyli\u015bmy do Lubelskiego Spo\u0142ecznego Komitetu Pomocy Ukrainie, w\u0142\u0105czaj\u0105c si\u0119 do pomocy ofiarom rosyjskiej agresji na Ukrainie. Skupili\u015bmy si\u0119 przede wszystkim na pomocy medycznej dla ukrai\u0144skich plac\u00f3wek medycznych, zabezpieczaj\u0105cych ludno\u015b\u0107 przebywaj\u0105c\u0105...\" \/>\n<meta property=\"og:url\" content=\"https:\/\/fresw.pl\/en\/zwracamy-sie-do-was-z-prosba-o-wsparcie-naszej-zbiorki\" \/>\n<meta property=\"og:site_name\" content=\"FRESW\" \/>\n<meta property=\"article:published_time\" content=\"2022-04-11T16:31:29+00:00\" \/>\n<meta property=\"article:modified_time\" content=\"2022-12-11T17:33:39+00:00\" \/>\n<meta property=\"og:image\" content=\"https:\/\/fresw.pl\/wp-content\/uploads\/2022\/04\/4.jpg\" \/>\n\t<meta property=\"og:image:width\" content=\"1080\" \/>\n\t<meta property=\"og:image:height\" content=\"780\" \/>\n\t<meta property=\"og:image:type\" content=\"image\/jpeg\" \/>\n<meta name=\"author\" content=\"fresw-admin\" \/>\n<meta name=\"twitter:card\" content=\"summary_large_image\" \/>\n<meta name=\"twitter:label1\" content=\"Written by\" \/>\n\t<meta name=\"twitter:data1\" content=\"fresw-admin\" \/>\n\t<meta name=\"twitter:label2\" content=\"Est. reading time\" \/>\n\t<meta name=\"twitter:data2\" content=\"1 minute\" \/>\n<script type=\"application\/ld+json\" class=\"yoast-schema-graph\">{\"@context\":\"https:\/\/schema.org\",\"@graph\":[{\"@type\":\"Article\",\"@id\":\"https:\/\/fresw.pl\/en\/zwracamy-sie-do-was-z-prosba-o-wsparcie-naszej-zbiorki#article\",\"isPartOf\":{\"@id\":\"https:\/\/fresw.pl\/en\/zwracamy-sie-do-was-z-prosba-o-wsparcie-naszej-zbiorki\"},\"author\":{\"name\":\"fresw-admin\",\"@id\":\"https:\/\/fresw.pl\/en#\/schema\/person\/f12f6dce8cce6719a32188a8f657ffda\"},\"headline\":\"Zwracamy si\u0119 do Was z pro\u015bb\u0105 o wsparcie naszej zbi\u00f3rki\",\"datePublished\":\"2022-04-11T16:31:29+00:00\",\"dateModified\":\"2022-12-11T17:33:39+00:00\",\"mainEntityOfPage\":{\"@id\":\"https:\/\/fresw.pl\/en\/zwracamy-sie-do-was-z-prosba-o-wsparcie-naszej-zbiorki\"},\"wordCount\":214,\"commentCount\":0,\"publisher\":{\"@id\":\"https:\/\/fresw.pl\/en#organization\"},\"image\":{\"@id\":\"https:\/\/fresw.pl\/en\/zwracamy-sie-do-was-z-prosba-o-wsparcie-naszej-zbiorki#primaryimage\"},\"thumbnailUrl\":\"https:\/\/fresw.pl\/wp-content\/uploads\/2022\/04\/4.jpg\",\"articleSection\":[\"Blog\"],\"inLanguage\":\"en-US\"},{\"@type\":\"WebPage\",\"@id\":\"https:\/\/fresw.pl\/en\/zwracamy-sie-do-was-z-prosba-o-wsparcie-naszej-zbiorki\",\"url\":\"https:\/\/fresw.pl\/en\/zwracamy-sie-do-was-z-prosba-o-wsparcie-naszej-zbiorki\",\"name\":\"Zwracamy si\u0119 do Was z pro\u015bb\u0105 o wsparcie naszej zbi\u00f3rki - FRESW\",\"isPartOf\":{\"@id\":\"https:\/\/fresw.pl\/en#website\"},\"primaryImageOfPage\":{\"@id\":\"https:\/\/fresw.pl\/en\/zwracamy-sie-do-was-z-prosba-o-wsparcie-naszej-zbiorki#primaryimage\"},\"image\":{\"@id\":\"https:\/\/fresw.pl\/en\/zwracamy-sie-do-was-z-prosba-o-wsparcie-naszej-zbiorki#primaryimage\"},\"thumbnailUrl\":\"https:\/\/fresw.pl\/wp-content\/uploads\/2022\/04\/4.jpg\",\"datePublished\":\"2022-04-11T16:31:29+00:00\",\"dateModified\":\"2022-12-11T17:33:39+00:00\",\"breadcrumb\":{\"@id\":\"https:\/\/fresw.pl\/en\/zwracamy-sie-do-was-z-prosba-o-wsparcie-naszej-zbiorki#breadcrumb\"},\"inLanguage\":\"en-US\",\"potentialAction\":[{\"@type\":\"ReadAction\",\"target\":[\"https:\/\/fresw.pl\/en\/zwracamy-sie-do-was-z-prosba-o-wsparcie-naszej-zbiorki\"]}]},{\"@type\":\"ImageObject\",\"inLanguage\":\"en-US\",\"@id\":\"https:\/\/fresw.pl\/en\/zwracamy-sie-do-was-z-prosba-o-wsparcie-naszej-zbiorki#primaryimage\",\"url\":\"https:\/\/fresw.pl\/wp-content\/uploads\/2022\/04\/4.jpg\",\"contentUrl\":\"https:\/\/fresw.pl\/wp-content\/uploads\/2022\/04\/4.jpg\",\"width\":1080,\"height\":780},{\"@type\":\"BreadcrumbList\",\"@id\":\"https:\/\/fresw.pl\/en\/zwracamy-sie-do-was-z-prosba-o-wsparcie-naszej-zbiorki#breadcrumb\",\"itemListElement\":[{\"@type\":\"ListItem\",\"position\":1,\"name\":\"Strona g\u0142\u00f3wna\",\"item\":\"https:\/\/fresw.pl\/en\"},{\"@type\":\"ListItem\",\"position\":2,\"name\":\"Zwracamy si\u0119 do Was z pro\u015bb\u0105 o wsparcie naszej zbi\u00f3rki\"}]},{\"@type\":\"WebSite\",\"@id\":\"https:\/\/fresw.pl\/en#website\",\"url\":\"https:\/\/fresw.pl\/en\",\"name\":\"FRESW\",\"description\":\"Fundacja Rozwoju Europy \u015arodkowo-Wschodniej\",\"publisher\":{\"@id\":\"https:\/\/fresw.pl\/en#organization\"},\"potentialAction\":[{\"@type\":\"SearchAction\",\"target\":{\"@type\":\"EntryPoint\",\"urlTemplate\":\"https:\/\/fresw.pl\/en?s={search_term_string}\"},\"query-input\":{\"@type\":\"PropertyValueSpecification\",\"valueRequired\":true,\"valueName\":\"search_term_string\"}}],\"inLanguage\":\"en-US\"},{\"@type\":\"Organization\",\"@id\":\"https:\/\/fresw.pl\/en#organization\",\"name\":\"FRESW\",\"url\":\"https:\/\/fresw.pl\/en\",\"logo\":{\"@type\":\"ImageObject\",\"inLanguage\":\"en-US\",\"@id\":\"https:\/\/fresw.pl\/en#\/schema\/logo\/image\/\",\"url\":\"https:\/\/fresw.pl\/wp-content\/uploads\/2024\/11\/logo.webp\",\"contentUrl\":\"https:\/\/fresw.pl\/wp-content\/uploads\/2024\/11\/logo.webp\",\"width\":878,\"height\":284,\"caption\":\"FRESW\"},\"image\":{\"@id\":\"https:\/\/fresw.pl\/en#\/schema\/logo\/image\/\"}},{\"@type\":\"Person\",\"@id\":\"https:\/\/fresw.pl\/en#\/schema\/person\/f12f6dce8cce6719a32188a8f657ffda\",\"name\":\"fresw-admin\",\"image\":{\"@type\":\"ImageObject\",\"inLanguage\":\"en-US\",\"@id\":\"https:\/\/fresw.pl\/en#\/schema\/person\/image\/\",\"url\":\"https:\/\/secure.gravatar.com\/avatar\/9c01f4a6ce24f49d9f0ad1dc791df6a8ed22cfcb2f802b13800acdc811e6c174?s=96&d=mm&r=g\",\"contentUrl\":\"https:\/\/secure.gravatar.com\/avatar\/9c01f4a6ce24f49d9f0ad1dc791df6a8ed22cfcb2f802b13800acdc811e6c174?s=96&d=mm&r=g\",\"caption\":\"fresw-admin\"},\"sameAs\":[\"https:\/\/fresw.pl\"],\"url\":\"https:\/\/fresw.pl\/en\/author\/fresw-admin\"}]}<\/script>\n<!-- \/ Yoast SEO plugin. -->","yoast_head_json":{"title":"Zwracamy si\u0119 do Was z pro\u015bb\u0105 o wsparcie naszej zbi\u00f3rki - FRESW","robots":{"index":"index","follow":"follow","max-snippet":"max-snippet:-1","max-image-preview":"max-image-preview:large","max-video-preview":"max-video-preview:-1"},"canonical":"https:\/\/fresw.pl\/en\/zwracamy-sie-do-was-z-prosba-o-wsparcie-naszej-zbiorki","og_locale":"en_US","og_type":"article","og_title":"Zwracamy si\u0119 do Was z pro\u015bb\u0105 o wsparcie naszej zbi\u00f3rki - FRESW","og_description":"Fundacja Rozwoju Europy \u015arodkowo-Wschodniej z Lublina od lat wsp\u00f3\u0142pracuje z organizacjami z ca\u0142ej Ukrainy, realizuj\u0105c projekty, kt\u00f3re wspieraj\u0105 rozw\u00f3j obu spo\u0142ecze\u0144stw. Od pierwszego dnia wojny do\u0142\u0105czyli\u015bmy do Lubelskiego Spo\u0142ecznego Komitetu Pomocy Ukrainie, w\u0142\u0105czaj\u0105c si\u0119 do pomocy ofiarom rosyjskiej agresji na Ukrainie. Skupili\u015bmy si\u0119 przede wszystkim na pomocy medycznej dla ukrai\u0144skich plac\u00f3wek medycznych, zabezpieczaj\u0105cych ludno\u015b\u0107 przebywaj\u0105c\u0105...","og_url":"https:\/\/fresw.pl\/en\/zwracamy-sie-do-was-z-prosba-o-wsparcie-naszej-zbiorki","og_site_name":"FRESW","article_published_time":"2022-04-11T16:31:29+00:00","article_modified_time":"2022-12-11T17:33:39+00:00","og_image":[{"width":1080,"height":780,"url":"https:\/\/fresw.pl\/wp-content\/uploads\/2022\/04\/4.jpg","type":"image\/jpeg"}],"author":"fresw-admin","twitter_card":"summary_large_image","twitter_misc":{"Written by":"fresw-admin","Est. reading time":"1 minute"},"schema":{"@context":"https:\/\/schema.org","@graph":[{"@type":"Article","@id":"https:\/\/fresw.pl\/en\/zwracamy-sie-do-was-z-prosba-o-wsparcie-naszej-zbiorki#article","isPartOf":{"@id":"https:\/\/fresw.pl\/en\/zwracamy-sie-do-was-z-prosba-o-wsparcie-naszej-zbiorki"},"author":{"name":"fresw-admin","@id":"https:\/\/fresw.pl\/en#\/schema\/person\/f12f6dce8cce6719a32188a8f657ffda"},"headline":"Zwracamy si\u0119 do Was z pro\u015bb\u0105 o wsparcie naszej zbi\u00f3rki","datePublished":"2022-04-11T16:31:29+00:00","dateModified":"2022-12-11T17:33:39+00:00","mainEntityOfPage":{"@id":"https:\/\/fresw.pl\/en\/zwracamy-sie-do-was-z-prosba-o-wsparcie-naszej-zbiorki"},"wordCount":214,"commentCount":0,"publisher":{"@id":"https:\/\/fresw.pl\/en#organization"},"image":{"@id":"https:\/\/fresw.pl\/en\/zwracamy-sie-do-was-z-prosba-o-wsparcie-naszej-zbiorki#primaryimage"},"thumbnailUrl":"https:\/\/fresw.pl\/wp-content\/uploads\/2022\/04\/4.jpg","articleSection":["Blog"],"inLanguage":"en-US"},{"@type":"WebPage","@id":"https:\/\/fresw.pl\/en\/zwracamy-sie-do-was-z-prosba-o-wsparcie-naszej-zbiorki","url":"https:\/\/fresw.pl\/en\/zwracamy-sie-do-was-z-prosba-o-wsparcie-naszej-zbiorki","name":"Zwracamy si\u0119 do Was z pro\u015bb\u0105 o wsparcie naszej zbi\u00f3rki - FRESW","isPartOf":{"@id":"https:\/\/fresw.pl\/en#website"},"primaryImageOfPage":{"@id":"https:\/\/fresw.pl\/en\/zwracamy-sie-do-was-z-prosba-o-wsparcie-naszej-zbiorki#primaryimage"},"image":{"@id":"https:\/\/fresw.pl\/en\/zwracamy-sie-do-was-z-prosba-o-wsparcie-naszej-zbiorki#primaryimage"},"thumbnailUrl":"https:\/\/fresw.pl\/wp-content\/uploads\/2022\/04\/4.jpg","datePublished":"2022-04-11T16:31:29+00:00","dateModified":"2022-12-11T17:33:39+00:00","breadcrumb":{"@id":"https:\/\/fresw.pl\/en\/zwracamy-sie-do-was-z-prosba-o-wsparcie-naszej-zbiorki#breadcrumb"},"inLanguage":"en-US","potentialAction":[{"@type":"ReadAction","target":["https:\/\/fresw.pl\/en\/zwracamy-sie-do-was-z-prosba-o-wsparcie-naszej-zbiorki"]}]},{"@type":"ImageObject","inLanguage":"en-US","@id":"https:\/\/fresw.pl\/en\/zwracamy-sie-do-was-z-prosba-o-wsparcie-naszej-zbiorki#primaryimage","url":"https:\/\/fresw.pl\/wp-content\/uploads\/2022\/04\/4.jpg","contentUrl":"https:\/\/fresw.pl\/wp-content\/uploads\/2022\/04\/4.jpg","width":1080,"height":780},{"@type":"BreadcrumbList","@id":"https:\/\/fresw.pl\/en\/zwracamy-sie-do-was-z-prosba-o-wsparcie-naszej-zbiorki#breadcrumb","itemListElement":[{"@type":"ListItem","position":1,"name":"Strona g\u0142\u00f3wna","item":"https:\/\/fresw.pl\/en"},{"@type":"ListItem","position":2,"name":"Zwracamy si\u0119 do Was z pro\u015bb\u0105 o wsparcie naszej zbi\u00f3rki"}]},{"@type":"WebSite","@id":"https:\/\/fresw.pl\/en#website","url":"https:\/\/fresw.pl\/en","name":"FRESW","description":"Fundacja Rozwoju Europy \u015arodkowo-Wschodniej","publisher":{"@id":"https:\/\/fresw.pl\/en#organization"},"potentialAction":[{"@type":"SearchAction","target":{"@type":"EntryPoint","urlTemplate":"https:\/\/fresw.pl\/en?s={search_term_string}"},"query-input":{"@type":"PropertyValueSpecification","valueRequired":true,"valueName":"search_term_string"}}],"inLanguage":"en-US"},{"@type":"Organization","@id":"https:\/\/fresw.pl\/en#organization","name":"FRESW","url":"https:\/\/fresw.pl\/en","logo":{"@type":"ImageObject","inLanguage":"en-US","@id":"https:\/\/fresw.pl\/en#\/schema\/logo\/image\/","url":"https:\/\/fresw.pl\/wp-content\/uploads\/2024\/11\/logo.webp","contentUrl":"https:\/\/fresw.pl\/wp-content\/uploads\/2024\/11\/logo.webp","width":878,"height":284,"caption":"FRESW"},"image":{"@id":"https:\/\/fresw.pl\/en#\/schema\/logo\/image\/"}},{"@type":"Person","@id":"https:\/\/fresw.pl\/en#\/schema\/person\/f12f6dce8cce6719a32188a8f657ffda","name":"fresw-admin","image":{"@type":"ImageObject","inLanguage":"en-US","@id":"https:\/\/fresw.pl\/en#\/schema\/person\/image\/","url":"https:\/\/secure.gravatar.com\/avatar\/9c01f4a6ce24f49d9f0ad1dc791df6a8ed22cfcb2f802b13800acdc811e6c174?s=96&d=mm&r=g","contentUrl":"https:\/\/secure.gravatar.com\/avatar\/9c01f4a6ce24f49d9f0ad1dc791df6a8ed22cfcb2f802b13800acdc811e6c174?s=96&d=mm&r=g","caption":"fresw-admin"},"sameAs":["https:\/\/fresw.pl"],"url":"https:\/\/fresw.pl\/en\/author\/fresw-admin"}]}},"_links":{"self":[{"href":"https:\/\/fresw.pl\/en\/wp-json\/wp\/v2\/posts\/309","targetHints":{"allow":["GET"]}}],"collection":[{"href":"https:\/\/fresw.pl\/en\/wp-json\/wp\/v2\/posts"}],"about":[{"href":"https:\/\/fresw.pl\/en\/wp-json\/wp\/v2\/types\/post"}],"author":[{"embeddable":true,"href":"https:\/\/fresw.pl\/en\/wp-json\/wp\/v2\/users\/1"}],"replies":[{"embeddable":true,"href":"https:\/\/fresw.pl\/en\/wp-json\/wp\/v2\/comments?post=309"}],"version-history":[{"count":1,"href":"https:\/\/fresw.pl\/en\/wp-json\/wp\/v2\/posts\/309\/revisions"}],"predecessor-version":[{"id":310,"href":"https:\/\/fresw.pl\/en\/wp-json\/wp\/v2\/posts\/309\/revisions\/310"}],"wp:featuredmedia":[{"embeddable":true,"href":"https:\/\/fresw.pl\/en\/wp-json\/wp\/v2\/media\/304"}],"wp:attachment":[{"href":"https:\/\/fresw.pl\/en\/wp-json\/wp\/v2\/media?parent=309"}],"wp:term":[{"taxonomy":"category","embeddable":true,"href":"https:\/\/fresw.pl\/en\/wp-json\/wp\/v2\/categories?post=309"},{"taxonomy":"post_tag","embeddable":true,"href":"https:\/\/fresw.pl\/en\/wp-json\/wp\/v2\/tags?post=309"}],"curies":[{"name":"wp","href":"https:\/\/api.w.org\/{rel}","templated":true}]}}